{"id":4593,"date":"2026-04-28T16:09:28","date_gmt":"2026-04-28T14:09:28","guid":{"rendered":"https:\/\/amblussemburgo.esteri.it\/?p=4593"},"modified":"2026-04-28T17:21:45","modified_gmt":"2026-04-28T15:21:45","slug":"4593","status":"publish","type":"post","link":"https:\/\/amblussemburgo.esteri.it\/fr\/news\/dall_ambasciata\/2026\/04\/4593\/","title":{"rendered":"Inauguration de l&rsquo;exposition \u00ab En voyage avec Pimpa \u00bb"},"content":{"rendered":"<section class=\"text-token-text-primary w-full focus:outline-none [--shadow-height:45px] has-data-writing-block:pointer-events-none has-data-writing-block:-mt-(--shadow-height) has-data-writing-block:pt-(--shadow-height) [&amp;:has([data-writing-block])&gt;*]:pointer-events-auto R6Vx5W_threadScrollVars scroll-mb-[calc(var(--scroll-root-safe-area-inset-bottom,0px)+var(--thread-response-height))] scroll-mt-(--header-height)\" dir=\"auto\" data-turn-id=\"70e5aefc-99fb-4f75-aeab-4b17cf4de80d\" data-testid=\"conversation-turn-3\" data-scroll-anchor=\"false\" data-turn=\"user\"><\/section>\n<section class=\"text-token-text-primary w-full focus:outline-none [--shadow-height:45px] has-data-writing-block:pointer-events-none has-data-writing-block:-mt-(--shadow-height) has-data-writing-block:pt-(--shadow-height) [&amp;:has([data-writing-block])&gt;*]:pointer-events-auto [content-visibility:auto] supports-[content-visibility:auto]:[contain-intrinsic-size:auto_100lvh] R6Vx5W_threadScrollVars scroll-mb-[calc(var(--scroll-root-safe-area-inset-bottom,0px)+var(--thread-response-height))] scroll-mt-[calc(var(--header-height)+min(200px,max(70px,20svh)))]\" dir=\"auto\" data-turn-id=\"request-WEB:293778c4-a1e9-46be-90aa-720acaf0c1c3-1\" data-testid=\"conversation-turn-4\" data-scroll-anchor=\"false\" data-turn=\"assistant\">\n<div class=\"text-base my-auto mx-auto pb-10 [--thread-content-margin:var(--thread-content-margin-xs,calc(var(--spacing)*4))] @w-sm\/main:[--thread-content-margin:var(--thread-content-margin-sm,calc(var(--spacing)*6))] @w-lg\/main:[--thread-content-margin:var(--thread-content-margin-lg,calc(var(--spacing)*16))] px-(--thread-content-margin)\">\n<div class=\"[--thread-content-max-width:40rem] @w-lg\/main:[--thread-content-max-width:48rem] mx-auto max-w-(--thread-content-max-width) flex-1 group\/turn-messages focus-visible:outline-hidden relative flex w-full min-w-0 flex-col agent-turn\">\n<div class=\"flex max-w-full flex-col gap-4 grow\">\n<div class=\"min-h-8 text-message relative flex w-full flex-col items-end gap-2 text-start break-words whitespace-normal outline-none keyboard-focused:focus-ring [.text-message+&amp;]:mt-1\" dir=\"auto\" tabindex=\"0\" data-message-author-role=\"assistant\" data-message-id=\"e2b17a30-0004-4538-a184-67919277d09d\" data-message-model-slug=\"gpt-5-3\" data-turn-start-message=\"true\">\n<div class=\"flex w-full flex-col gap-1 empty:hidden\">\n<div class=\"markdown prose dark:prose-invert w-full wrap-break-word light markdown-new-styling\">\n<p data-start=\"0\" data-end=\"192\">L\u2019Ambassade, en collaboration avec le Mus\u00e9e d\u2019Histoire[s] Diekirch \/ Maison de la Culture et la Ville de Diekirch, a le plaisir d\u2019inviter le public \u00e0 l\u2019exposition <em data-start=\"163\" data-end=\"189\">\u00ab En voyage avec Pimpa \u00bb<\/em>.<\/p>\n<p data-start=\"194\" data-end=\"417\" data-is-last-node=\"\" data-is-only-node=\"\">Con\u00e7ue par la maison d\u2019\u00e9dition Franco Cosimo Panini, cette exposition s\u2019adresse aux enfants et aux familles et offre une occasion privil\u00e9gi\u00e9e de (re)d\u00e9couvrir le c\u00e9l\u00e8bre personnage cr\u00e9\u00e9 par l\u2019artiste Francesco Tullio Altan.<\/p>\n<\/div>\n<\/div>\n<\/div>\n<\/div>\n<\/div>\n<\/div>\n<\/section>\n<p data-start=\"362\" data-end=\"495\">L\u2019exposition offre un regard sur l\u2019univers de Pimpa et sur son lien avec le th\u00e8me du voyage, avec un accent particulier sur l\u2019Italie.<\/p>\n<p data-start=\"497\" data-end=\"685\">Le parcours d\u2019exposition invite les visiteurs de tous \u00e2ges \u00e0 s\u2019immerger dans le monde color\u00e9 et imaginaire de la petite chienne, un univers qui conserve encore aujourd\u2019hui tout son charme.<\/p>\n<p data-start=\"687\" data-end=\"807\">L\u2019inauguration aura lieu le <span style=\"text-decoration: underline;\">8 mai 2026 \u00e0 18h30 \u00e0 la Maison de la Culture de Diekirch<\/span> (13, rue du Cur\u00e9, L-9217 Diekirch).<\/p>\n<p data-start=\"809\" data-end=\"935\">L\u2019exposition sera ouverte au public jusqu\u2019au 31 mai 2026, selon les horaires suivants :<br data-start=\"896\" data-end=\"899\" \/>\ud83d\udd58 9h00 \u2013 18h00<br data-start=\"914\" data-end=\"917\" \/>\u274c Ferm\u00e9 le lundi<\/p>\n<p data-start=\"937\" data-end=\"1166\">En marge de cette initiative,<span style=\"text-decoration: underline;\"> les enfants pourront participer au concours \u00ab En voyage avec Pimpa : dessine le Luxembourg \u00bb<\/span>.<\/p>\n<p data-start=\"1168\" data-end=\"1320\">Les participants sont invit\u00e9s \u00e0 dessiner Pimpa \u00e0 c\u00f4t\u00e9 d\u2019un \u00e9l\u00e9ment embl\u00e9matique du Luxembourg, comme un plat typique, un monument ou un lieu symbolique.<\/p>\n<p data-start=\"1322\" data-end=\"1436\">Le concours est ouvert aux enfants de <span style=\"text-decoration: underline;\">4 \u00e0 10 ans<\/span>, qui pourront soumettre leurs cr\u00e9ations du 8 mai au 31 ao\u00fbt 2026.<\/p>\n<p data-start=\"1438\" data-end=\"1496\">La c\u00e9r\u00e9monie de remise des prix aura lieu en octobre 2026.<\/p>\n<p data-start=\"1498\" data-end=\"1623\">L\u2019initiative vise \u00e0 c\u00e9l\u00e9brer l\u2019amiti\u00e9 entre l\u2019Italie et le Luxembourg et \u00e0 promouvoir la connaissance du personnage de Pimpa.<\/p>\n<p data-start=\"1625\" data-end=\"1723\" data-is-last-node=\"\" data-is-only-node=\"\">\u2139\ufe0f Les modalit\u00e9s de participation et de plus amples informations sont disponibles en pi\u00e8ce jointe.<\/p>\n","protected":false},"excerpt":{"rendered":"L\u2019Ambassade, en collaboration avec le Mus\u00e9e d\u2019Histoire[s] Diekirch \/ Maison de la Culture et la Ville de Diekirch, a le plaisir d\u2019inviter le public \u00e0 l\u2019exposition \u00ab En voyage avec Pimpa \u00bb. Con\u00e7ue par la maison d\u2019\u00e9dition Franco Cosimo Panini, cette exposition s\u2019adresse aux enfants et aux familles et offre une occasion privil\u00e9gi\u00e9e de (re)d\u00e9couvrir [&hellip;]","protected":false},"author":9,"featured_media":4580,"comment_status":"closed","ping_status":"closed","sticky":false,"template":"","format":"standard","meta":{"footnotes":""},"tags":[],"class_list":["post-4593","post","type-post","status-publish","format-standard","has-post-thumbnail","hentry"],"_links":{"self":[{"href":"https:\/\/amblussemburgo.esteri.it\/fr\/wp-json\/wp\/v2\/posts\/4593","targetHints":{"allow":["GET"]}}],"collection":[{"href":"https:\/\/amblussemburgo.esteri.it\/fr\/wp-json\/wp\/v2\/posts"}],"about":[{"href":"https:\/\/amblussemburgo.esteri.it\/fr\/wp-json\/wp\/v2\/types\/post"}],"author":[{"embeddable":true,"href":"https:\/\/amblussemburgo.esteri.it\/fr\/wp-json\/wp\/v2\/users\/9"}],"replies":[{"embeddable":true,"href":"https:\/\/amblussemburgo.esteri.it\/fr\/wp-json\/wp\/v2\/comments?post=4593"}],"version-history":[{"count":3,"href":"https:\/\/amblussemburgo.esteri.it\/fr\/wp-json\/wp\/v2\/posts\/4593\/revisions"}],"predecessor-version":[{"id":4599,"href":"https:\/\/amblussemburgo.esteri.it\/fr\/wp-json\/wp\/v2\/posts\/4593\/revisions\/4599"}],"wp:featuredmedia":[{"embeddable":true,"href":"https:\/\/amblussemburgo.esteri.it\/fr\/wp-json\/wp\/v2\/media\/4580"}],"wp:attachment":[{"href":"https:\/\/amblussemburgo.esteri.it\/fr\/wp-json\/wp\/v2\/media?parent=4593"}],"wp:term":[{"taxonomy":"post_tag","embeddable":true,"href":"https:\/\/amblussemburgo.esteri.it\/fr\/wp-json\/wp\/v2\/tags?post=4593"}],"curies":[{"name":"wp","href":"https:\/\/api.w.org\/{rel}","templated":true}]}}