{"id":3015,"date":"2025-01-21T17:04:26","date_gmt":"2025-01-21T16:04:26","guid":{"rendered":"https:\/\/amblussemburgo.esteri.it\/?p=3015"},"modified":"2025-01-21T17:04:26","modified_gmt":"2025-01-21T16:04:26","slug":"italian-design-day-2025-conferenza-a-cura-dellarchitetto-ico-migliore","status":"publish","type":"post","link":"https:\/\/amblussemburgo.esteri.it\/it\/news\/dall_ambasciata\/2025\/01\/italian-design-day-2025-conferenza-a-cura-dellarchitetto-ico-migliore\/","title":{"rendered":"Italian Design Day 2025 | Conferenza a cura dell&#8217;architetto Ico Migliore"},"content":{"rendered":"<p>Mercoled\u00ec 12 febbraio 2025, presso il Forum da Vinci di Citt\u00e0 del Lussemburgo (6, bd. Grande-Duchesse Charlotte, L-1330), si terr\u00e0 la conferenza, in lingua inglese &#8220;<strong><span class=\"OYPEnA font-feature-liga-off font-feature-clig-off font-feature-calt-off text-decoration-none text-strikethrough-none\">MUSEUM SEED.\u00a0<\/span><\/strong><span class=\"OYPEnA font-feature-liga-off font-feature-clig-off font-feature-calt-off text-decoration-none text-strikethrough-none\"><strong>The Futurability of Cultural Places<\/strong>&#8220;, a cura dell&#8217;architetto Ico Migliore.\u00a0<\/span><\/p>\n<p>L&#8217;iniziativa si inserisce nel quadro dell&#8217;<a href=\"https:\/\/italiandesignday-official.it\/\"><strong>Italian Design Day<\/strong><\/a>,\u00a0una rassegna tematica annuale lanciata nel 2017 dal Ministero degli Affari Esteri e della Cooperazione Internazionale, in collaborazione con il Ministero della Cultura, con l\u2019obiettivo di promuovere a livello internazionale le eccellenze del design italiano.<\/p>\n<p><strong>L\u2019ingresso \u00e8 gratuito fino ad esaurimento posti.<\/strong><\/p>\n<p>Per le prenotazioni, si prega di scrivere a\u00a0<a href=\"mailto:culturale.lussemburgo@esteri.it\">culturale.lussemburgo@esteri.it<\/a>.<\/p>\n<p>Per il programma dettagliato, si allega la locandina dell&#8217;evento.<\/p>\n","protected":false},"excerpt":{"rendered":"Mercoled\u00ec 12 febbraio 2025, presso il Forum da Vinci di Citt\u00e0 del Lussemburgo (6, bd. Grande-Duchesse Charlotte, L-1330), si terr\u00e0 la conferenza, in lingua inglese &#8220;MUSEUM SEED.\u00a0The Futurability of Cultural Places&#8220;, a cura dell&#8217;architetto Ico Migliore.\u00a0 L&#8217;iniziativa si inserisce nel quadro dell&#8217;Italian Design Day,\u00a0una rassegna tematica annuale lanciata nel 2017 dal Ministero degli Affari Esteri [&hellip;]","protected":false},"author":9,"featured_media":3020,"comment_status":"closed","ping_status":"closed","sticky":false,"template":"","format":"standard","meta":{"footnotes":""},"tags":[],"class_list":["post-3015","post","type-post","status-publish","format-standard","has-post-thumbnail","hentry"],"_links":{"self":[{"href":"https:\/\/amblussemburgo.esteri.it\/it\/wp-json\/wp\/v2\/posts\/3015","targetHints":{"allow":["GET"]}}],"collection":[{"href":"https:\/\/amblussemburgo.esteri.it\/it\/wp-json\/wp\/v2\/posts"}],"about":[{"href":"https:\/\/amblussemburgo.esteri.it\/it\/wp-json\/wp\/v2\/types\/post"}],"author":[{"embeddable":true,"href":"https:\/\/amblussemburgo.esteri.it\/it\/wp-json\/wp\/v2\/users\/9"}],"replies":[{"embeddable":true,"href":"https:\/\/amblussemburgo.esteri.it\/it\/wp-json\/wp\/v2\/comments?post=3015"}],"version-history":[{"count":3,"href":"https:\/\/amblussemburgo.esteri.it\/it\/wp-json\/wp\/v2\/posts\/3015\/revisions"}],"predecessor-version":[{"id":3026,"href":"https:\/\/amblussemburgo.esteri.it\/it\/wp-json\/wp\/v2\/posts\/3015\/revisions\/3026"}],"wp:featuredmedia":[{"embeddable":true,"href":"https:\/\/amblussemburgo.esteri.it\/it\/wp-json\/wp\/v2\/media\/3020"}],"wp:attachment":[{"href":"https:\/\/amblussemburgo.esteri.it\/it\/wp-json\/wp\/v2\/media?parent=3015"}],"wp:term":[{"taxonomy":"post_tag","embeddable":true,"href":"https:\/\/amblussemburgo.esteri.it\/it\/wp-json\/wp\/v2\/tags?post=3015"}],"curies":[{"name":"wp","href":"https:\/\/api.w.org\/{rel}","templated":true}]}}